{"id":563,"date":"2026-09-01T23:20:38","date_gmt":"2026-09-01T21:20:38","guid":{"rendered":"https:\/\/arpadvonal.hu\/?p=563"},"modified":"2026-09-01T23:27:19","modified_gmt":"2026-09-01T21:27:19","slug":"karcsusitja-a-tisza-kormany-a-vedelmi-koltsegvetest","status":"publish","type":"post","link":"https:\/\/arpadvonal.hu\/index.php\/2026\/09\/01\/karcsusitja-a-tisza-kormany-a-vedelmi-koltsegvetest\/","title":{"rendered":"Karcs\u00fas\u00edtja a Tisza korm\u00e1ny a v\u00e9delmi k\u00f6lts\u00e9gvet\u00e9st"},"content":{"rendered":"\n<p class=\"wp-block-paragraph\">M\u00e1r p\u00e1r posztban r\u00e9szben kit\u00e9rtem r\u00e1, hogy a v\u00e9delmi k\u00f6lts\u00e9gek alakul\u00e1s\u00e1b\u00f3l lesz \u00e9rdemes figyelemmel k\u00f6vetni az \u00faj korm\u00e1ny elk\u00f6telezetts\u00e9g\u00e9t a hader\u0151fejleszt\u00e9s folytat\u00e1sa ir\u00e1nt. Id\u00e9n \u00e9rdemes t\u00f6bb kisebb-nagyobb m\u00e9rf\u00f6ldk\u00f6vet figyelemmel k\u00eds\u00e9rni, ami alapj\u00e1n lehet k\u00f6vetkeztet\u00e9seket levonni:<\/p>\n\n\n\n<ol class=\"wp-block-list\">\n<li>2027-es k\u00f6lts\u00e9gvet\u00e9s okt\u00f3ber-novemberi beny\u00fajt\u00e1sa<\/li>\n<\/ol>\n\n\n\n<ol start=\"2\" class=\"wp-block-list\">\n<li>Az \u00fajra\u00edrt SAFE projekt beny\u00fajt\u00e1sa. ( ezt ny\u00e1r v\u00e9g\u00e9re \u00edg\u00e9rt\u00e9k, ha cs\u00faszik is szeptemberre vmi koncepci\u00f3t illene felmutatni )<\/li>\n<\/ol>\n\n\n\n<ol start=\"3\" class=\"wp-block-list\">\n<li>M\u00f3dos\u00edtott 2026-os k\u00f6lts\u00e9gvet\u00e9s ( ez augusztus utols\u00f3 napj\u00e1n beny\u00fajt\u00e1sra ker\u00fclt, erre ki is t\u00e9rek )<\/li>\n<\/ol>\n\n\n\n<ol start=\"4\" class=\"wp-block-list\">\n<li>Illetve az idei v\u00e9delmi kiad\u00e1sok havi dinamik\u00e1j\u00e1t is m\u00e1r 2 posztomban k\u00f6vettem. ( most a j\u00faliusi meglep\u0151 adatokra is kit\u00e9rek )<\/li>\n<\/ol>\n\n\n\n<p class=\"wp-block-paragraph\">A m\u00e9rf\u00f6ldk\u00f6veken k\u00edv\u00fcl n\u00e9h\u00e1ny h\u00edr, h\u00edrmorzsa is mutathat egy koncepci\u00f3t, nem is \u00f6nmagukban, hanem ink\u00e1bb, ha trendszer\u0171en egy ir\u00e1nyt rajzol fel. Nekem eddig finom, de folyamatos kiad\u00e1scs\u00f6kkent\u00e9s l\u00e1tszik. Egyr\u00e9szt az \u00e1llom\u00e1ny r\u00e9sz\u00e9re be\u00edg\u00e9rt hangulatjav\u00edt\u00f3 int\u00e9zked\u00e9sekn\u00e9l is figyelnek, ne n\u00f6velje a kiad\u00e1si oldalt, <a href=\"https:\/\/arpadvonal.hu\/index.php\/2026\/08\/08\/fegyverpenz-helyett-szabadnap\/\">\u201cFegyverp\u00e9nz helyett szabadnap<\/a>\u201d, m\u00e1sr\u00e9szt nem t\u00fal nagy t\u00e9telt jelent\u0151 beruh\u00e1z\u00e1st is visszavontak,&nbsp; <a href=\"https:\/\/arpadvonal.hu\/index.php\/2026\/08\/11\/modern-raktarbazis-letrehozasa-a-honvedelmi-miniszterium-katasztrofavedelmi-feladatai-ellatasahoz-torolve\/\">Modern rakt\u00e1rb\u00e1zis l\u00e9trehoz\u00e1sa a Honv\u00e9delmi Miniszt\u00e9rium katasztr\u00f3fav\u00e9delmi feladatai ell\u00e1t\u00e1s\u00e1hoz \u2013 T\u00f6r\u00f6lve!!!<\/a>.<\/p>\n\n\n\n<p class=\"wp-block-paragraph\">De n\u00e9zz\u00fck a konkr\u00e9t sz\u00e1mokat. Kezdj\u00fck a n\u00e9gyes ponttal!&nbsp;<\/p>\n\n\n\n<p class=\"wp-block-paragraph\"><strong>Hogy alakultak a v\u00e9delmi kiad\u00e1sok j\u00faliusban?<\/strong><\/p>\n\n\n\n<p class=\"wp-block-paragraph\"><strong>Magyar V\u00e9delmi k\u00f6lts\u00e9gvet\u00e9s \u2013 J\u00falius<\/strong><strong>&nbsp;<\/strong><\/p>\n\n\n\n<figure class=\"wp-block-image size-large is-resized\"><img loading=\"lazy\" decoding=\"async\" width=\"1024\" height=\"323\" src=\"https:\/\/arpadvonal.hu\/wp-content\/uploads\/2026\/09\/image-1024x323.png\" alt=\"\" class=\"wp-image-564\" style=\"aspect-ratio:3.185185185185185;width:602px;height:auto\" srcset=\"https:\/\/arpadvonal.hu\/wp-content\/uploads\/2026\/09\/image-1024x323-1.png 1024w, https:\/\/arpadvonal.hu\/wp-content\/uploads\/2026\/09\/image-300x95.png 300w, https:\/\/arpadvonal.hu\/wp-content\/uploads\/2026\/09\/image-767x242.png 767w, https:\/\/arpadvonal.hu\/wp-content\/uploads\/2026\/09\/image.png 1496w\" sizes=\"auto, (max-width: 1024px) 100vw, 1024px\" \/><\/figure>\n\n\n\n<p class=\"wp-block-paragraph\">El\u0151sz\u00f6r is vess\u00fck \u00f6ssze a j\u00faniusi adattal!<\/p>\n\n\n\n<figure class=\"wp-block-image size-large is-resized\"><img loading=\"lazy\" decoding=\"async\" width=\"1024\" height=\"352\" src=\"https:\/\/arpadvonal.hu\/wp-content\/uploads\/2026\/09\/image-1-1024x352.png\" alt=\"\" class=\"wp-image-565\" style=\"aspect-ratio:2.9082125603864735;width:602px;height:auto\" srcset=\"https:\/\/arpadvonal.hu\/wp-content\/uploads\/2026\/09\/image-1-1024x352-1.png 1024w, https:\/\/arpadvonal.hu\/wp-content\/uploads\/2026\/09\/image-1-300x103.png 300w, https:\/\/arpadvonal.hu\/wp-content\/uploads\/2026\/09\/image-1-768x264.png 768w, https:\/\/arpadvonal.hu\/wp-content\/uploads\/2026\/09\/image-1.png 1457w\" sizes=\"auto, (max-width: 1024px) 100vw, 1024px\" \/><\/figure>\n\n\n\n<p class=\"wp-block-paragraph\"><strong>Meglep\u0151 m\u00f3don a j\u00faniusi 885 mrd-os kiad\u00e1si oldal j\u00faliusra 797 mrd-ra cs\u00f6kkent<\/strong>. Ez pap\u00edron azt jelenti majd 100 mrd visszaker\u00fclt a HM b\u00fcdzs\u00e9be, \u00fagy hogy nem k\u00f6lt\u00f6ttek semmire. Ez el\u00e9g nagy \u00f6k\u00f6rs\u00e9gnek t\u0171nik. Mivel hivatalos kommunik\u00e1ci\u00f3t, cikket err\u0151l a +100 mrd-r\u00f3l nem olvastam, ez\u00e9rt r\u00e9szben tal\u00e1lgatok. B\u00e1r nem a leveg\u0151be l\u00f6v\u00f6ld\u00f6z\u00f6k, mert n\u00e9h\u00e1ny mank\u00f3t a Tisza korm\u00e1ny kommunik\u00e1ci\u00f3ja szolg\u00e1ltatott.&nbsp;<\/p>\n\n\n\n<ol class=\"wp-block-list\">\n<li>A sportra ford\u00edtott kiad\u00e1sok a HM al\u00e1 voltak rendelve az Orb\u00e1n korm\u00e1ny alatt, ezt a Tisza \u00e1tcsoportos\u00edtotta a Bel\u00fcgyminiszt\u00e9riumhoz. Mennyi p\u00e9nzr\u0151l lehet itt sz\u00f3? Ez eg\u00e9sz konkr\u00e9tan megfoghat\u00f3:<\/li>\n<\/ol>\n\n\n\n<p class=\"wp-block-paragraph\">2026-ra elfogadott k\u00f6lts\u00e9gvet\u00e9s HM fejezete \u00edgy n\u00e9z ki:<\/p>\n\n\n\n<ul class=\"wp-block-list\">\n<li><strong>Teljes kiad\u00e1si f\u0151\u00f6sszeg:<\/strong> 2 156 mrd Ft<\/li>\n\n\n\n<li><strong>Ebb\u0151l a sport\u00e1gazat:<\/strong> 152 mrd Ft<\/li>\n\n\n\n<li><strong>A tiszta katonai\/honv\u00e9delmi r\u00e9sz (sport n\u00e9lk\u00fcl)=:<\/strong> 2 003 mrd Ft<\/li>\n<\/ul>\n\n\n\n<p class=\"wp-block-paragraph\">Ennek a 152 mrd-nak kb. 7\/12-ed r\u00e9sz most ut\u00f3lag korrig\u00e1lva kiker\u00fcl a HM k\u00f6lts\u00e9gvet\u00e9s\u00e9b\u0151l. Ez kb. 80-90 mrd-ot jelenthet. De itt enn\u00e9l t\u00f6bbr\u0151l van sz\u00f3.<\/p>\n\n\n\n<ol start=\"2\" class=\"wp-block-list\">\n<li>A korm\u00e1ny a 4iG-t igyekszik kiz\u00e1rni a HM beszerz\u00e9seib\u0151l. El\u0151fordulhat, hogy bizonyos el\u0151legeket visszaszereztek ideiglenesen ( \u00e1t\u00fctemezve fizetik ki ), v\u00e9glegesen ( felmondanak szerz\u0151d\u00e9seket ).<\/li>\n<\/ol>\n\n\n\n<p class=\"wp-block-paragraph\">Mindenesetre \u00edgy az \u00e1ltalam k\u00f6vetett havi kiad\u00e1sok \u00edgy nem eg\u00e9sz\u00e9ben m\u00e9rvad\u00f3ak. Van egy janu\u00e1rt\u00f3l j\u00faniusig tart\u00f3 sz\u00e1msor, illetve most indul egy j\u00faliust\u00f3l decemberig tart\u00f3 szakasz.<\/p>\n\n\n\n<p class=\"wp-block-paragraph\">Havi kiad\u00e1sok alakul\u00e1sa<\/p>\n\n\n\n<p class=\"wp-block-paragraph\">238 mrd janu\u00e1r<\/p>\n\n\n\n<p class=\"wp-block-paragraph\">132 mrd febru\u00e1r<\/p>\n\n\n\n<p class=\"wp-block-paragraph\">183 mrd m\u00e1rcius<\/p>\n\n\n\n<p class=\"wp-block-paragraph\">133 mrd \u00e1prilis<\/p>\n\n\n\n<p class=\"wp-block-paragraph\">76 mrd m\u00e1jus<\/p>\n\n\n\n<p class=\"wp-block-paragraph\">122 mrd j\u00fanius<\/p>\n\n\n\n<p class=\"wp-block-paragraph\">-88 mrd j\u00falius ( \u00fajratervezve, pl. sportra ford\u00edtott kiad\u00e1sok n\u00e9lk\u00fcl )<\/p>\n\n\n\n<p class=\"wp-block-paragraph\">Ennek kapcs\u00e1n m\u00e9g \u00e9rdemes lesz figyelni, a val\u00f3sz\u00edn\u0171leg okt\u00f3ber folyam\u00e1n beny\u00fajt\u00e1sra ker\u00fcl\u0151 z\u00e1rsz\u00e1mad\u00e1si t\u00f6rv\u00e9nyt. Ahol pik\u00e1ns m\u00f3don a Tisza korm\u00e1ny sz\u00e1mol be az Orb\u00e1n korm\u00e1ny 2025-\u00f6s k\u00f6lts\u00e9gvet\u00e9s\u00e9r\u0151l. Egy\u00e9bk\u00e9nt <strong>egy meglep\u0151 decemberi p\u00e9nzes\u0151vel az 1 941 mrd-os tervezetb\u0151l 1 951 mrd-ot k\u00f6lt\u00f6tt tavaly a HM<\/strong>.<\/p>\n\n\n\n<p class=\"wp-block-paragraph\"><strong>De t\u00e9rj\u00fcnk is r\u00e1 a fenti \u00fajabb m\u00e9rf\u00f6ldk\u0151re, beny\u00fajtotta K\u00e1rm\u00e1n Andr\u00e1s p\u00e9nz\u00fcgyminiszter augusztus 31-\u00e9n a m\u00f3dos\u00edtott 2026-os k\u00f6lts\u00e9gvet\u00e9st<\/strong>.<\/p>\n\n\n\n<p class=\"wp-block-paragraph\">Az \u00e9rthet\u0151s\u00e9g kedv\u00e9\u00e9rt megtiszt\u00edtottam az idei Orb\u00e1n b\u00fcdzs\u00e9t a sportt\u00f3l \u00e9s mell\u00e9 tettem a mostani Tisza m\u00f3dos\u00edt\u00e1st.<\/p>\n\n\n\n<p class=\"wp-block-paragraph\">A tiszta katonai b\u00fcdzs\u00e9 cs\u00f6kken\u00e9se<\/p>\n\n\n\n<ul class=\"wp-block-list\">\n<li><strong>Eredeti honv\u00e9delmi r\u00e9sz (sport n\u00e9lk\u00fcl):<\/strong> 2 003 680,5 milli\u00f3 Ft<\/li>\n\n\n\n<li><strong>\u00daj, m\u00f3dos\u00edtott teljes HM f\u0151\u00f6sszeg:<\/strong> 1 857 397,3 milli\u00f3 Ft<\/li>\n\n\n\n<li><strong>A tiszta katonai b\u00fcdzs\u00e9 cs\u00f6kken\u00e9se:<\/strong> <strong>-146 283,2 milli\u00f3 Ft<\/strong><\/li>\n<\/ul>\n\n\n\n<p class=\"wp-block-paragraph\">Ez r\u00e9szletezve ( milli\u00f3 forintban ):<\/p>\n\n\n\n<figure class=\"wp-block-table\"><table class=\"has-fixed-layout\"><tbody><tr><td><strong>K\u00f6lts\u00e9gvet\u00e9si oszlop megnevez\u00e9se<\/strong><\/td><td><strong>Eredeti kiad\u00e1s&nbsp;<\/strong><\/td><td><strong>\u00daj, m\u00f3dos\u00edtott kiad\u00e1s&nbsp;<\/strong><\/td><td><strong>T\u00e9nyleges k\u00fcl\u00f6nbs\u00e9g (V\u00e1ltoz\u00e1s)<\/strong><\/td><\/tr><tr><td><strong>M\u0171k\u00f6d\u00e9si kiad\u00e1s (MK)<\/strong><\/td><td>1 425 405,7<\/td><td>1 399 305,7<\/td><td><strong>-26 100,0<\/strong><\/td><\/tr><tr><td><strong>M\u0171k\u00f6d\u00e9si bev\u00e9tel (MB)<\/strong><\/td><td>20 252,7<\/td><td>20 252,7<\/td><td><strong>0,0<\/strong> <em>(V\u00e1ltozatlan)<\/em><\/td><\/tr><tr><td><strong>Felhalmoz\u00e1si kiad\u00e1s (FK)<\/strong><\/td><td>494 156,3<\/td><td>458 091,6<\/td><td><strong>-36 064,7<\/strong><\/td><\/tr><tr><td><strong>Felhalmoz\u00e1si bev\u00e9tel (FB)<\/strong><\/td><td>3 289,9<\/td><td>3 289,9<\/td><td><strong>0,0<\/strong> <em>(V\u00e1ltozatlan)<\/em><\/td><\/tr><\/tbody><\/table><\/figure>\n\n\n\n<hr class=\"wp-block-separator has-alpha-channel-opacity\"\/>\n\n\n\n<p class=\"wp-block-paragraph\">Hogyan j\u00f6n ki ez a k\u00e9t cs\u00f6kken\u00e9s a r\u00e9szletes bels\u0151 sorokb\u00f3l?<\/p>\n\n\n\n<p class=\"wp-block-paragraph\">A t\u00e1bl\u00e1zat megmutatja, hogy a bev\u00e9telekhez (M\u0171k\u00f6d\u00e9si \u00e9s Felhalmoz\u00e1si bev\u00e9tel) egy\u00e1ltal\u00e1n nem ny\u00faltak, a kiad\u00e1si oldalon pedig pontosan az al\u00e1bbi t\u00e9telek magyar\u00e1zz\u00e1k a cs\u00f6kken\u00e9st:<\/p>\n\n\n\n<p class=\"wp-block-paragraph\">1. A Felhalmoz\u00e1si kiad\u00e1sok cs\u00f6kken\u00e9se (-36 064,7 milli\u00f3 Ft)<\/p>\n\n\n\n<p class=\"wp-block-paragraph\">Ez a sz\u00e1m <strong>fill\u00e9rre pontosan megegyezik<\/strong> azzal a cs\u00f6kken\u00e9ssel, amit a sz\u00e1razf\u00f6ldi er\u0151k fejleszt\u00e9s\u00e9n\u00e9l tal\u00e1ltam:<\/p>\n\n\n\n<ul class=\"wp-block-list\">\n<li><strong>Sz\u00e1razf\u00f6ldi k\u00e9pess\u00e9gek fejleszt\u00e9se (8. c\u00edm \/ 1.2. jogc\u00edmcsoport):<\/strong> Eredeti: 294 150,2 \u27a1\ufe0f M\u00f3dos\u00edtott: 258 085,5.<\/li>\n\n\n\n<li><strong>K\u00fcl\u00f6nbs\u00e9g:<\/strong> <strong>-36 064,7 milli\u00f3 Ft<\/strong>.<\/li>\n<\/ul>\n\n\n\n<p class=\"wp-block-paragraph\">Ahogy a r\u00e9szletekb\u0151l is l\u00e1tszik, a felhalmoz\u00e1si kiad\u00e1sok utalnak a konkr\u00e9t hader\u0151fejleszt\u00e9si p\u00e9nzekre. <strong>Ez vmilyen sz\u00e1razf\u00f6ldi haditechnikai beszerz\u00e9s visszamond\u00e1s\u00e1t vag j\u00f6v\u0151 \u00e9vi \u00e1t\u00fctemez\u00e9s\u00e9st jelenti<\/strong>. Mivel a 4iG fekete list\u00e1s, \u00edgy a hozz\u00e1 kapcsol\u00f3d\u00f3 hadiipari c\u00e9gek term\u00e9keire tippelek. Sz\u00e9les a v\u00e1laszt\u00e9k LYNX-t\u0151l kezdve a Gidr\u00e1non, aknavet\u0151k\u00f6n \u00e9s l\u0151szereken \u00e1t a k\u00e9zifegyverekig bez\u00e1r\u00f3lag sok mindent jelenthet.&nbsp;<\/p>\n\n\n\n<p class=\"wp-block-paragraph\">2. A M\u0171k\u00f6d\u00e9si kiad\u00e1sok cs\u00f6kken\u00e9se (-26 100,0 milli\u00f3 Ft)<\/p>\n\n\n\n<p class=\"wp-block-paragraph\">Ez a 26,1 milli\u00e1rd forintos elvon\u00e1s a Magyar Honv\u00e9ds\u00e9g b\u00e9rkorrekci\u00f3j\u00e1b\u00f3l \u00e9s a h\u00e1tt\u00e9rszervezetek \u00e1trendez\u00e9s\u00e9b\u0151l ad\u00f3dik \u00f6ssze:<\/p>\n\n\n\n<ul class=\"wp-block-list\">\n<li><strong>Magyar Honv\u00e9ds\u00e9g Szem\u00e9lyi juttat\u00e1sok (3. c\u00edm):<\/strong> <strong>-22 530,8 milli\u00f3 Ft<\/strong><\/li>\n\n\n\n<li><strong>Magyar Honv\u00e9ds\u00e9g J\u00e1rul\u00e9kok \u00e9s Szocho (3. c\u00edm):<\/strong> <strong>-3 149,2 milli\u00f3 Ft<\/strong><\/li>\n\n\n\n<li><strong>Hadis\u00edrgondoz\u00e1si \u00e9s hadis\u00edrkutat\u00e1si alap (8. c\u00edm):<\/strong> <strong>-30,0 milli\u00f3 Ft<\/strong> (Ezt a sort null\u00e1zt\u00e1k a m\u00f3dos\u00edt\u00e1sban).<\/li>\n\n\n\n<li><strong>Civil, \u00e9rdekk\u00e9pviseleti \u00e9s kultur\u00e1lis szervezetek (8. c\u00edm):<\/strong> <strong>-390,0 milli\u00f3 Ft<\/strong> elvon\u00e1s.<\/li>\n<\/ul>\n\n\n\n<p class=\"wp-block-paragraph\">Ha ezeket a tiszta m\u0171k\u00f6d\u00e9si cs\u00f6kkent\u00e9seket \u00f6sszeadjuk:<\/p>\n\n\n\n<ul class=\"wp-block-list\">\n<li>-22 530,8 + (-3 149,2) + (-30,0) + (-390,0) = <strong>-26 100,0 milli\u00f3 Ft<\/strong>.<\/li>\n<\/ul>\n\n\n\n<p class=\"wp-block-paragraph\"><strong>A legnagyobb t\u00e9tel a cs\u00f6kken\u0151 b\u00e9rkifizet\u00e9sek a Honv\u00e9ds\u00e9g szem\u00e9lyi juttat\u00e1sain\u00e1l.<\/strong> Mivel fizet\u00e9scs\u00f6kkent\u00e9sre nem gondolok, ez\u00e9rt ink\u00e1bb a l\u00e9tsz\u00e1m lesz a tervezetthez k\u00e9pest alacsonyabb. Vagy r\u00e9szbeni \u00e1tszervez\u00e9st jelent m\u00e1s miniszt\u00e9riumhoz, vagy ha l\u00e9tsz\u00e1mb\u0151v\u00edt\u00e9ssel sz\u00e1moltak, az nem fog megt\u00f6rt\u00e9nni.&nbsp;<\/p>\n\n\n\n<p class=\"wp-block-paragraph\">( Nem linkelem, de mindk\u00e9t b\u00fcdzs\u00e9 az orsz\u00e1ggy\u0171l\u00e9s honlapj\u00e1n megtal\u00e1lhat\u00f3. )<\/p>\n\n\n\n<p class=\"wp-block-paragraph\">Ez els\u0151 blikkre nem t\u00fal biztat\u00f3, de nem is tragikus m\u00f3dos\u00edt\u00e1s.<\/p>\n\n\n\n<p class=\"wp-block-paragraph\">Viszont a PM \u00e1ltal beny\u00fajtott b\u00fcdzs\u00e9ben m\u00e9g van egy konkr\u00e9t \u00e9s egy \u00e1ltal\u00e1nos rendelkez\u00e9s:<\/p>\n\n\n\n<p class=\"wp-block-paragraph\"><strong>K\u00f6telez\u0151 extra befizet\u00e9s:<\/strong> A HM k\u00f6teles az eredetileg tervezett bev\u00e9telein fel\u00fcl keletkez\u0151 forr\u00e1saib\u00f3l <strong>1414,7 milli\u00f3 forintot<\/strong> k\u00f6zvetlen\u00fcl visszafizetni a k\u00f6zponti k\u00f6lts\u00e9gvet\u00e9sbe.<\/p>\n\n\n\n<p class=\"wp-block-paragraph\"><strong>Bels\u0151 z\u00e1rol\u00e1sok:<\/strong> A Korm\u00e1ny \u00e1ltal elrendelt \u00e1ltal\u00e1nos z\u00e1rol\u00e1s r\u00e9szek\u00e9nt a HM-nek is hozz\u00e1 kell j\u00e1rulnia ahhoz a <strong>300 000 milli\u00f3 forintos<\/strong> fejezeti befizet\u00e9si alaphoz, amelyet a miniszt\u00e9riumoknak a Magyar \u00c1llamkincst\u00e1r megadott sz\u00e1ml\u00e1j\u00e1ra kell teljes\u00edteni\u00fck.<\/p>\n\n\n\n<p class=\"wp-block-paragraph\"><strong>Az els\u0151 1,5 mrd apr\u00f3 a majd 2 000 mrd-os b\u00fcdzs\u00e9n\u00e9l, viszont a 300 mrd-os z\u00e1rol\u00e1s m\u00e1r \u00e9rdekesebb k\u00e9rd\u00e9s, mennyiben fogja \u00e9rinteni a HM-et<\/strong>. Ezt nem r\u00e9szletezik, de v\u00e9res kardk\u00e9nt ott l\u00f3g a miniszt\u00e9rium feje f\u00f6l\u00f6tt.<\/p>\n\n\n\n<p class=\"wp-block-paragraph\"><strong>A j\u00f6v\u0151 \u00e9vi b\u00fcdzs\u00e9 szempontj\u00e1b\u00f3l a tervezett hi\u00e1ny nem t\u00fal b\u00edztat\u00f3.\u00a0<\/strong><\/p>\n\n\n\n<p class=\"wp-block-paragraph\"><strong>7,5%-os k\u00f6lts\u00e9gvet\u00e9si hi\u00e1ny<\/strong>. Ezt tegy\u00fck <em>t\u00f6rt\u00e9nelmi<\/em> perspekt\u00edv\u00e1ba. \u00c9s ak\u00e1r lehet nagyobb is decemberig\u2026<\/p>\n\n\n\n<p class=\"wp-block-paragraph\">A GDP-ar\u00e1nyos k\u00f6lts\u00e9gvet\u00e9si egyenleg alakul\u00e1sa (1990\u20132026)<\/p>\n\n\n\n<p class=\"wp-block-paragraph\">A hivatalos KSH \u00e9s Eurostat t\u00e9nyadatok, valamint a most beny\u00fajtott m\u00f3dos\u00edt\u00e1s sz\u00e1mai alapj\u00e1n a hi\u00e1ny (m\u00ednuszjel) az al\u00e1bbiak szerint alakult t\u00f6rt\u00e9nelmi korszakonk\u00e9nt:<\/p>\n\n\n\n<p class=\"wp-block-paragraph\">1. A rendszerv\u00e1lt\u00e1s \u00e9s a konszolid\u00e1ci\u00f3 id\u0151szaka (1990\u20131999)<\/p>\n\n\n\n<ul class=\"wp-block-list\">\n<li><strong>1990\u20131992:<\/strong> -3% \u00e9s -6% k\u00f6z\u00f6tt mozgott (a piacgazdas\u00e1gi \u00e1tmenet sokkja).<\/li>\n\n\n\n<li><strong>1993\u20131994:<\/strong> <strong>-8,4%<\/strong> \u00e9s <strong>-8,1%<\/strong> (rendk\u00edv\u00fcl s\u00falyos egyens\u00falyi v\u00e1ls\u00e1g, ami az ikerdeficithez vezetett).<\/li>\n\n\n\n<li><strong>1995 (Bokros-csomag):<\/strong> -6,3% (megkezd\u0151d\u00f6tt a radik\u00e1lis kiigaz\u00edt\u00e1s).<\/li>\n\n\n\n<li><strong>1996\u20131999:<\/strong> -3,0% \u00e9s -4,5% k\u00f6z\u00f6tti s\u00e1vba szorult vissza a deficit.&nbsp;<\/li>\n<\/ul>\n\n\n\n<p class=\"wp-block-paragraph\">2. A t\u00falk\u00f6ltekez\u00e9s \u00e9s a devizahitel-v\u00e1ls\u00e1g id\u0151szaka (2000\u20132010)<\/p>\n\n\n\n<ul class=\"wp-block-list\">\n<li><strong>2000\u20132001:<\/strong> -3,0% \u00e9s -4,1%.<\/li>\n\n\n\n<li><strong>2002 (szocialista j\u00f3l\u00e9ti programok):<\/strong> <strong>-8,9%<\/strong> (jelent\u0151s ugr\u00e1s).<\/li>\n\n\n\n<li><strong>2003\u20132005:<\/strong> -6,5% \u00e9s -7,8% k\u00f6z\u00f6tt \u00e1lland\u00f3sult a magas deficit.<\/li>\n\n\n\n<li><strong>2006 (A t\u00f6rt\u00e9nelmi m\u00e9lypont):<\/strong> <strong>-9,3%<\/strong> (az orsz\u00e1g \u00fajkori t\u00f6rt\u00e9net\u00e9nek legmagasabb k\u00f6lts\u00e9gvet\u00e9si hi\u00e1nya).<\/li>\n\n\n\n<li><strong>2007\u20132008:<\/strong> -5,0% \u00e9s -3,7% (k\u00e9nyszer\u0171 megszor\u00edt\u00e1sok az IMF-hitel el\u0151tt).<\/li>\n\n\n\n<li><strong>2009\u20132010:<\/strong> -4,6% \u00e9s -4,5% (a glob\u00e1lis p\u00e9nz\u00fcgyi v\u00e1ls\u00e1g kezel\u00e9se).<\/li>\n<\/ul>\n\n\n\n<p class=\"wp-block-paragraph\">3. A 3% alatti fegyelem korszak (2011\u20132019)<\/p>\n\n\n\n<ul class=\"wp-block-list\">\n<li><strong>2011\u20132015:<\/strong> -2,0% \u00e9s -2,6% k\u00f6z\u00f6tt (sikeres konszolid\u00e1ci\u00f3, kiker\u00fcl\u00e9s az uni\u00f3s t\u00falzottdeficit-elj\u00e1r\u00e1s al\u00f3l).<\/li>\n\n\n\n<li><strong>2016 (T\u00f6rt\u00e9nelmi cs\u00facs):<\/strong> <strong>-1,8%<\/strong> (a rendszerv\u00e1lt\u00e1s \u00f3ta m\u00e9rt legkedvez\u0151bb egyenleg).<\/li>\n\n\n\n<li><strong>2017\u20132019:<\/strong> -2,0% \u00e9s -2,4% k\u00f6z\u00f6tt mozgott (stabil n\u00f6veked\u00e9si p\u00e1lya).&nbsp;<\/li>\n<\/ul>\n\n\n\n<p class=\"wp-block-paragraph\">4. A v\u00e1ls\u00e1gok \u00e9s a megugr\u00f3 hi\u00e1ny \u00faj korszaka (2020\u20132026)<\/p>\n\n\n\n<ul class=\"wp-block-list\">\n<li><strong>2020 (Covid-j\u00e1rv\u00e1ny):<\/strong> <strong>-7,6%<\/strong> (a gazdas\u00e1gi le\u00e1ll\u00e1sok \u00e9s a ment\u0151csomagok miatt).<\/li>\n\n\n\n<li><strong>2021 (V\u00e1laszt\u00e1s el\u0151tti kik\u00f6ltekez\u00e9s):<\/strong> <strong>-7,2%<\/strong>.<\/li>\n\n\n\n<li><strong>2022\u20132023:<\/strong> -6,2% \u00e9s -6,7% (az energiav\u00e1ls\u00e1g \u00e9s a magas kamatkiad\u00e1sok fesz\u00edtett\u00e9k a b\u00fcdzs\u00e9t).<\/li>\n\n\n\n<li><strong>2024\u20132025:<\/strong> -4,5% \u00e9s -4,7% k\u00f6r\u00fcli szintek.<\/li>\n\n\n\n<li><strong>2026 (A most beny\u00fajtott T\/566 javaslat):<\/strong> <strong>-7,5%<\/strong>&nbsp;<\/li>\n<\/ul>\n\n\n\n<p class=\"wp-block-paragraph\">Hol helyezkedik el a 7,5% a rangsorban?<\/p>\n\n\n\n<p class=\"wp-block-paragraph\">Ha sorrendbe \u00e1ll\u00edtjuk az 1990 \u00f3ta m\u00e9rt <strong>legnagyobb k\u00f6lts\u00e9gvet\u00e9si hi\u00e1nyokat<\/strong>, a 2026-os \u00faj terv a legsz\u0171kebb \u00e9lmez\u0151nybe tartozik:<\/p>\n\n\n\n<ol class=\"wp-block-list\">\n<li>\ud83e\udd47 <strong>2006:<\/strong> <strong>-9,3%<\/strong> (Gyurcs\u00e1ny-korm\u00e1ny \/ v\u00e1laszt\u00e1si \u00e9v)<\/li>\n\n\n\n<li>\ud83e\udd48 <strong>2002:<\/strong> <strong>-8,9%<\/strong> (Medgyessy-korm\u00e1ny \/ 100 napos program)<\/li>\n\n\n\n<li>\ud83e\udd49 <strong>1993:<\/strong> <strong>-8,4%<\/strong> (Antall-Boross-korm\u00e1ny \/ rendszerv\u00e1lt\u00e1si v\u00e1ls\u00e1g)<\/li>\n\n\n\n<li>\u274c <strong>2020:<\/strong> <strong>-7,6%<\/strong> (Orb\u00e1n-korm\u00e1ny \/ Covid-v\u00e1ls\u00e1g)<\/li>\n\n\n\n<li>\u2b50 <strong>2026 (Terv):<\/strong> <strong>-7,5%<\/strong> (Tisza korm\u00e1ny \/ hivatalos m\u00f3dos\u00edt\u00e1s)<\/li>\n<\/ol>\n\n\n\n<p class=\"wp-block-paragraph\">A <strong>7,5%-os hi\u00e1ny<\/strong> azt jelenti, hogy az \u00e1llamh\u00e1ztart\u00e1s egyens\u00falya visszat\u00e9rt a 2000-es \u00e9vek k\u00f6zep\u00e9re jellemz\u0151 fesz\u00edtett p\u00e1ly\u00e1ra, nem tudott visszat\u00e9rni a maastrichti szerz\u0151d\u00e9sben el\u0151\u00edrt, biztons\u00e1gosnak tartott <strong>3% alatti hi\u00e1nys\u00e1vba<\/strong>. M\u00e1rpedig ez a Tisza korm\u00e1ny eur\u00f3bevezet\u00e9si c\u00e9lj\u00e1nak egyik krit\u00e9riuma. Azaz ezt a hi\u00e1nyt fokozatosan faragniuk kell. Ez vagy er\u0151s gazdas\u00e1gi n\u00f6veked\u00e9ssel, vagy kiad\u00e1scs\u00f6kkent\u00e9ssel \u00e9rhet\u0151 el. A mai eur\u00f3pai gazdas\u00e1gi k\u00f6rnyezetben er\u0151teljes gazdas\u00e1gi n\u00f6veked\u00e9s Magyarorsz\u00e1gon nagy kih\u00edv\u00e1s\u2026<strong>a kiad\u00e1scs\u00f6kkent\u00e9s pedig megakaszthatja a magyar hader\u0151fejleszt\u00e9st.<\/strong><\/p>\n\n\n\n<p class=\"wp-block-paragraph\"><strong>Hogy kezeli majd mindezt Ruszin-Szendi Romulusz honv\u00e9delmi miniszter??<\/strong>?<\/p>\n\n\n\n<p class=\"wp-block-paragraph\">Egyr\u00e9szt tolja a <a href=\"https:\/\/arpadvonal.hu\/index.php\/2026\/06\/24\/tisztitotuz-a-honvedsegnel-csak-nehogy-gyujtogatas-legyen-belole-ruszin-szendi-romulusz-majd-egy-oras-interjut-adott-a-kontrollnak\/\">tiszt\u00edt\u00f3t\u0171z programot,<\/a> <strong>m\u00e1sr\u00e9szt h\u00e1tra is kell n\u00e9znie, mert er\u0151s bar\u00e1ti t\u0171z alatt is \u00e1ll \u0151 \u00e9s t\u00e1gabb csal\u00e1dja is\u2026.de err\u0151l majd legk\u00f6zelebb!<\/strong> <\/p>\n\n\n\n<p class=\"wp-block-paragraph\"><strong>Mindenestre az l\u00e1tszik h\u00e1tra is n\u00e9z \u00e9s messze nem \u0151 a leggyeng\u00e9bb l\u00e1ncszem a kabineten bel\u00fcl.<\/strong><\/p>\n\n\n\n<p class=\"wp-block-paragraph\">Tal\u00e1n a hvg vagy telex \u00fajs\u00e1g\u00edr\u00f3j\u00e1nak augusztus k\u00f6zep\u00e9n a facebookon \u00edgy \u00fczent:<\/p>\n\n\n\n<p class=\"wp-block-paragraph\">&#8220;Az elm\u00falt id\u0151szakban felt\u0171n\u0151en rendszeress\u00e9 v\u00e1lt, hogy ugyanazon sajt\u00f3org\u00e1num ugyanazon \u00fajs\u00e1g\u00edr\u00f3j\u00e1t\u00f3l szinte kiz\u00e1r\u00f3lag szem\u00e9lyi d\u00f6nt\u00e9seket firtat\u00f3, k\u00f6vetkezetesen negat\u00edv keretez\u00e9s\u0171 k\u00e9rd\u00e9sek \u00e9rkeznek a Honv\u00e9delmi Miniszt\u00e9riumhoz. Nem Magyarorsz\u00e1g v\u00e9delmi k\u00e9pess\u00e9geir\u0151l, nem a Magyar Honv\u00e9ds\u00e9g strat\u00e9giai feladatair\u00f3l, nem katon\u00e1inkr\u00f3l \u00e9s nem az orsz\u00e1g biztons\u00e1g\u00e1t k\u00f6zvetlen\u00fcl \u00e9rint\u0151 kih\u00edv\u00e1sokr\u00f3l k\u00e9rdez.<\/p>\n\n\n\n<p class=\"wp-block-paragraph\">\u00dajra \u00e9s \u00fajra szem\u00e9lyek, kinevez\u00e9sek, felment\u00e9sek \u00e9s bels\u0151 vezet\u0151i d\u00f6nt\u00e9sek \u00e1llnak \u00e9rdekl\u0151d\u00e9s\u00e9nek k\u00f6z\u00e9ppontj\u00e1ban.<\/p>\n\n\n\n<p class=\"wp-block-paragraph\">A m\u00f3dszer \u00e9s annak k\u00f6vetkezetess\u00e9ge egyre ink\u00e1bb azt a benyom\u00e1st kelti, mintha nem a Honv\u00e9delmi Miniszt\u00e9rium munk\u00e1j\u00e1nak megismer\u00e9se, hanem a kor\u00e1bban ellenem folytatott karaktergyilkoss\u00e1gi k\u00eds\u00e9rletek folytat\u00e1sa lenne a c\u00e9l.<\/p>\n\n\n\n<p class=\"wp-block-paragraph\">Hogy ez tudatos sz\u00e1nd\u00e9k-e, \u00e9s hogy kinek \u00e1llhat \u00e9rdek\u00e9ben, azt nem az \u00e9n feladatom eld\u00f6nteni.&#8221;<\/p>\n\n\n\n<p class=\"wp-block-paragraph\"><\/p>\n","protected":false},"excerpt":{"rendered":"<p>Fot\u00f3: Karolina Kaboompics \/ Pexels<\/p>\n","protected":false},"author":1,"featured_media":566,"comment_status":"open","ping_status":"open","sticky":false,"template":"","format":"standard","meta":{"footnotes":""},"categories":[8,10,20],"tags":[],"class_list":["post-563","post","type-post","status-publish","format-standard","has-post-thumbnail","hentry","category-magyar-haderofejlesztes","category-magyarorszag","category-vedelmikoltsegek"],"_links":{"self":[{"href":"https:\/\/arpadvonal.hu\/index.php\/wp-json\/wp\/v2\/posts\/563","targetHints":{"allow":["GET"]}}],"collection":[{"href":"https:\/\/arpadvonal.hu\/index.php\/wp-json\/wp\/v2\/posts"}],"about":[{"href":"https:\/\/arpadvonal.hu\/index.php\/wp-json\/wp\/v2\/types\/post"}],"author":[{"embeddable":true,"href":"https:\/\/arpadvonal.hu\/index.php\/wp-json\/wp\/v2\/users\/1"}],"replies":[{"embeddable":true,"href":"https:\/\/arpadvonal.hu\/index.php\/wp-json\/wp\/v2\/comments?post=563"}],"version-history":[{"count":1,"href":"https:\/\/arpadvonal.hu\/index.php\/wp-json\/wp\/v2\/posts\/563\/revisions"}],"predecessor-version":[{"id":567,"href":"https:\/\/arpadvonal.hu\/index.php\/wp-json\/wp\/v2\/posts\/563\/revisions\/567"}],"wp:featuredmedia":[{"embeddable":true,"href":"https:\/\/arpadvonal.hu\/index.php\/wp-json\/wp\/v2\/media\/566"}],"wp:attachment":[{"href":"https:\/\/arpadvonal.hu\/index.php\/wp-json\/wp\/v2\/media?parent=563"}],"wp:term":[{"taxonomy":"category","embeddable":true,"href":"https:\/\/arpadvonal.hu\/index.php\/wp-json\/wp\/v2\/categories?post=563"},{"taxonomy":"post_tag","embeddable":true,"href":"https:\/\/arpadvonal.hu\/index.php\/wp-json\/wp\/v2\/tags?post=563"}],"curies":[{"name":"wp","href":"https:\/\/api.w.org\/{rel}","templated":true}]}}